{"id":2006,"date":"2019-06-13T16:14:44","date_gmt":"2019-06-13T14:14:44","guid":{"rendered":"https:\/\/www.grafikat.at\/blog\/?p=2006"},"modified":"2019-07-03T14:45:19","modified_gmt":"2019-07-03T12:45:19","slug":"prag-die-stadt-der-hundert-tuerme","status":"publish","type":"post","link":"https:\/\/www.grafikat.at\/blog\/prag-die-stadt-der-hundert-tuerme\/","title":{"rendered":"Prag, die Stadt der hundert T\u00fcrme"},"content":{"rendered":"\n<p>Nachdem ich mit einer guten Freundin im Herbst 2009 bei eisigen Wind und dementsprechenden Temperaturen erstmalig Prag erkundet habe, war es nun einmal an der Zeit die tschechische Hauptstadt zu einer warmen Jahreszeit zu besuchen.<\/p>\n\n\n\n<p>Diesmal durfte ich mit meinem Freund in die sch\u00f6ne Stadt, um unseren Jahrestag zu feiern \ud83d\ude42 <br>Angereist sind wir mit dem Zug von Wien direkt zum Prager Hauptbahnhof, den wir nach ca. 4 Stunden erreichten. Wir mussten in Breclav umsteigen und unser Anschlusszug hatte leider 50 Minuten Versp\u00e4tung. Daher gab es schon am Bahnsteig einen fr\u00fchzeitigen Mittagssnack \ud83d\ude09 <\/p>\n\n\n\n<p>Nach der Ankunft um die sp\u00e4te Mittagszeit ging es zuerst zu unserem Hotel. Wenige Stra\u00dfenbahnstationen vom Bahnhof entfernt, auf einer Anh\u00f6he gelegen, befindet sich das Hotel Theatrino. Die Lage ist perfekt, da man von hier aus alle Stadtvierteln mit der Stra\u00dfenbahn leicht erreichen kann, aber auch zu Fu\u00df einiges erkunden kann. Unter anderem den Fernsehturm im Stadtteil \u017di\u017ekov oder den naheliegenden neuen j\u00fcdischen Friedhof, die Ruhest\u00e4tte von Franz Kafka. Da \u00fcber Pfingsten auch ein j\u00fcdischer Feiertag ist, standen wir am Pfingstmontag beim j\u00fcdischen Friedhof vor geschlossener T\u00fcr. Das Grab befindet sich nur 250 Meter vom Eingang entfernt und daher konnten wir zumindestens ein Foto vom Wegweiser machen. Das muss dann wohl bis zum n\u00e4chsten Pragbesuch warten.<\/p>\n\n\n\n<figure class=\"wp-block-image\"><img decoding=\"async\" loading=\"lazy\" width=\"1024\" height=\"682\" src=\"https:\/\/www.grafikat.at\/blog\/wp-content\/uploads\/2019\/06\/20190610-IMG_2042-1024x682.jpg\" alt=\"\" class=\"wp-image-2068\" srcset=\"https:\/\/www.grafikat.at\/blog\/wp-content\/uploads\/2019\/06\/20190610-IMG_2042-1024x682.jpg 1024w, https:\/\/www.grafikat.at\/blog\/wp-content\/uploads\/2019\/06\/20190610-IMG_2042-300x200.jpg 300w, https:\/\/www.grafikat.at\/blog\/wp-content\/uploads\/2019\/06\/20190610-IMG_2042-768x512.jpg 768w, https:\/\/www.grafikat.at\/blog\/wp-content\/uploads\/2019\/06\/20190610-IMG_2042-1170x780.jpg 1170w, https:\/\/www.grafikat.at\/blog\/wp-content\/uploads\/2019\/06\/20190610-IMG_2042.jpg 2000w\" sizes=\"(max-width: 1024px) 100vw, 1024px\" \/><\/figure>\n\n\n\n<div style=\"height:100px\" aria-hidden=\"true\" class=\"wp-block-spacer\"><\/div>\n\n\n\n<h2 class=\"wp-block-heading\">Fernsehturm<\/h2>\n\n\n\n<p>Mit seinen 216 Metern ist er etwas kleiner als der Donauturm (252 Meter) in Wien. Mit dem Lift kann man in die 4. Etage fahren. Von hier aus hat man einen Rundumblick auf die Prager Stadt und das Umland. Der Eintritt kostet \u20ac 10,\u2013. <\/p>\n\n\n\n<ul class=\"wp-block-gallery columns-2 is-cropped wp-block-gallery-1 is-layout-flex\"><li class=\"blocks-gallery-item\"><figure><img decoding=\"async\" loading=\"lazy\" width=\"682\" height=\"1024\" src=\"https:\/\/www.grafikat.at\/blog\/wp-content\/uploads\/2019\/06\/20190610-IMG_2144-682x1024.jpg\" alt=\"\" data-id=\"2041\" data-link=\"https:\/\/www.grafikat.at\/blog\/20190610-img_2144\/\" class=\"wp-image-2041\" srcset=\"https:\/\/www.grafikat.at\/blog\/wp-content\/uploads\/2019\/06\/20190610-IMG_2144-682x1024.jpg 682w, https:\/\/www.grafikat.at\/blog\/wp-content\/uploads\/2019\/06\/20190610-IMG_2144-200x300.jpg 200w, https:\/\/www.grafikat.at\/blog\/wp-content\/uploads\/2019\/06\/20190610-IMG_2144-768x1152.jpg 768w, https:\/\/www.grafikat.at\/blog\/wp-content\/uploads\/2019\/06\/20190610-IMG_2144-1170x1755.jpg 1170w, https:\/\/www.grafikat.at\/blog\/wp-content\/uploads\/2019\/06\/20190610-IMG_2144.jpg 1333w\" sizes=\"(max-width: 682px) 100vw, 682px\" \/><\/figure><\/li><li class=\"blocks-gallery-item\"><figure><img decoding=\"async\" loading=\"lazy\" width=\"682\" height=\"1024\" src=\"https:\/\/www.grafikat.at\/blog\/wp-content\/uploads\/2019\/06\/20190610-IMG_2093-682x1024.jpg\" alt=\"\" data-id=\"2064\" data-link=\"https:\/\/www.grafikat.at\/blog\/?attachment_id=2064\" class=\"wp-image-2064\" srcset=\"https:\/\/www.grafikat.at\/blog\/wp-content\/uploads\/2019\/06\/20190610-IMG_2093-682x1024.jpg 682w, https:\/\/www.grafikat.at\/blog\/wp-content\/uploads\/2019\/06\/20190610-IMG_2093-200x300.jpg 200w, https:\/\/www.grafikat.at\/blog\/wp-content\/uploads\/2019\/06\/20190610-IMG_2093-768x1152.jpg 768w, https:\/\/www.grafikat.at\/blog\/wp-content\/uploads\/2019\/06\/20190610-IMG_2093-1170x1755.jpg 1170w, https:\/\/www.grafikat.at\/blog\/wp-content\/uploads\/2019\/06\/20190610-IMG_2093.jpg 1333w\" sizes=\"(max-width: 682px) 100vw, 682px\" \/><\/figure><\/li><\/ul>\n\n\n\n<figure class=\"wp-block-image\"><img decoding=\"async\" loading=\"lazy\" width=\"1024\" height=\"682\" src=\"https:\/\/www.grafikat.at\/blog\/wp-content\/uploads\/2019\/06\/20190610-IMG_2106-1024x682.jpg\" alt=\"\" class=\"wp-image-2084\" srcset=\"https:\/\/www.grafikat.at\/blog\/wp-content\/uploads\/2019\/06\/20190610-IMG_2106-1024x682.jpg 1024w, https:\/\/www.grafikat.at\/blog\/wp-content\/uploads\/2019\/06\/20190610-IMG_2106-300x200.jpg 300w, https:\/\/www.grafikat.at\/blog\/wp-content\/uploads\/2019\/06\/20190610-IMG_2106-768x512.jpg 768w, https:\/\/www.grafikat.at\/blog\/wp-content\/uploads\/2019\/06\/20190610-IMG_2106-1170x780.jpg 1170w, https:\/\/www.grafikat.at\/blog\/wp-content\/uploads\/2019\/06\/20190610-IMG_2106.jpg 2000w\" sizes=\"(max-width: 1024px) 100vw, 1024px\" \/><\/figure>\n\n\n\n<p>Nach dem Besuch am Fernsehturm gingen wir in Richtung Moldau und fuhren mit der Stra\u00dfenbahn \u00fcber die Moldau, auf die andere Seite der Stadt. Dort spazierten wir zum alten Moldauer Hafen. Auf dem Weg dort hin gibt es eine Lagerhallenanlage, wo sich auch ein Markt befand. Wir schlenderten durch. An der Moldau entlang spazierten wir dann zum alten Hafen, der jedoch eher unspektakul\u00e4r war. <\/p>\n\n\n\n<div style=\"height:100px\" aria-hidden=\"true\" class=\"wp-block-spacer\"><\/div>\n\n\n\n<h2 class=\"wp-block-heading\">Wenzelsplatz<\/h2>\n\n\n\n<p>Der Wenzelspatz ist vom Hauptbahnhof gut zu Fu\u00df erreichbar und liegt in der Neustadt. Der Platz ist eigentlich eine lange Prachtstra\u00dfe, auf der sich ein sch\u00f6nes Haus nach dem anderen aneinanderreiht. Ganz oben thront das m\u00e4chtige Nationalmuseum. Ausgehend vom Museum am Anfang der Stra\u00dfe kommt man stadteinw\u00e4rts in die Altstadt und zur Moldau. <\/p>\n\n\n\n<ul class=\"wp-block-gallery columns-2 is-cropped wp-block-gallery-3 is-layout-flex\"><li class=\"blocks-gallery-item\"><figure><img decoding=\"async\" loading=\"lazy\" width=\"682\" height=\"1024\" src=\"https:\/\/www.grafikat.at\/blog\/wp-content\/uploads\/2019\/06\/20190609-IMG_1716-682x1024.jpg\" alt=\"\" data-id=\"2026\" data-link=\"https:\/\/www.grafikat.at\/blog\/20190609-img_1716\/\" class=\"wp-image-2026\" srcset=\"https:\/\/www.grafikat.at\/blog\/wp-content\/uploads\/2019\/06\/20190609-IMG_1716-682x1024.jpg 682w, https:\/\/www.grafikat.at\/blog\/wp-content\/uploads\/2019\/06\/20190609-IMG_1716-200x300.jpg 200w, https:\/\/www.grafikat.at\/blog\/wp-content\/uploads\/2019\/06\/20190609-IMG_1716-768x1152.jpg 768w, https:\/\/www.grafikat.at\/blog\/wp-content\/uploads\/2019\/06\/20190609-IMG_1716-1170x1755.jpg 1170w, https:\/\/www.grafikat.at\/blog\/wp-content\/uploads\/2019\/06\/20190609-IMG_1716.jpg 1333w\" sizes=\"(max-width: 682px) 100vw, 682px\" \/><\/figure><\/li><li class=\"blocks-gallery-item\"><figure><img decoding=\"async\" loading=\"lazy\" width=\"682\" height=\"1024\" src=\"https:\/\/www.grafikat.at\/blog\/wp-content\/uploads\/2019\/06\/20190609-IMG_1740-682x1024.jpg\" alt=\"\" data-id=\"2028\" data-link=\"https:\/\/www.grafikat.at\/blog\/20190609-img_1740\/\" class=\"wp-image-2028\" srcset=\"https:\/\/www.grafikat.at\/blog\/wp-content\/uploads\/2019\/06\/20190609-IMG_1740-682x1024.jpg 682w, https:\/\/www.grafikat.at\/blog\/wp-content\/uploads\/2019\/06\/20190609-IMG_1740-200x300.jpg 200w, https:\/\/www.grafikat.at\/blog\/wp-content\/uploads\/2019\/06\/20190609-IMG_1740-768x1152.jpg 768w, https:\/\/www.grafikat.at\/blog\/wp-content\/uploads\/2019\/06\/20190609-IMG_1740-1170x1755.jpg 1170w, https:\/\/www.grafikat.at\/blog\/wp-content\/uploads\/2019\/06\/20190609-IMG_1740.jpg 1333w\" sizes=\"(max-width: 682px) 100vw, 682px\" \/><\/figure><\/li><\/ul>\n\n\n\n<figure class=\"wp-block-image\"><img decoding=\"async\" loading=\"lazy\" width=\"1024\" height=\"682\" src=\"https:\/\/www.grafikat.at\/blog\/wp-content\/uploads\/2019\/06\/20190609-IMG_1724-1024x682.jpg\" alt=\"\" class=\"wp-image-2065\" srcset=\"https:\/\/www.grafikat.at\/blog\/wp-content\/uploads\/2019\/06\/20190609-IMG_1724-1024x682.jpg 1024w, https:\/\/www.grafikat.at\/blog\/wp-content\/uploads\/2019\/06\/20190609-IMG_1724-300x200.jpg 300w, https:\/\/www.grafikat.at\/blog\/wp-content\/uploads\/2019\/06\/20190609-IMG_1724-768x512.jpg 768w, https:\/\/www.grafikat.at\/blog\/wp-content\/uploads\/2019\/06\/20190609-IMG_1724-1170x780.jpg 1170w, https:\/\/www.grafikat.at\/blog\/wp-content\/uploads\/2019\/06\/20190609-IMG_1724.jpg 2000w\" sizes=\"(max-width: 1024px) 100vw, 1024px\" \/><\/figure>\n\n\n\n<div style=\"height:100px\" aria-hidden=\"true\" class=\"wp-block-spacer\"><\/div>\n\n\n\n<h2 class=\"wp-block-heading\">J\u00fcdisches Viertel<\/h2>\n\n\n\n<p>Eine Tour durch das j\u00fcdische Viertel haben wir bereits im Vorfeld online gebucht. Es ging zu Fu\u00df ca. drei Stunden durch das j\u00fcdische Viertel beginnend beim Geburtshaus von Franz Kafka. N\u00e4chste Station war die Maisel Synagoge, welche Teil des j\u00fcdischen Museums ist. Hier erf\u00e4hrt man alles \u00fcber die j\u00fcdische Geschichte B\u00f6hmens.   <br>\u00dcber die Pinkas-Synagoge gelangt man zum alten j\u00fcdischen Friedhof \u2013 europaweit der \u00e4lteste seiner Art.<\/p>\n\n\n\n<ul class=\"wp-block-gallery columns-3 is-cropped wp-block-gallery-5 is-layout-flex\"><li class=\"blocks-gallery-item\"><figure><img decoding=\"async\" loading=\"lazy\" width=\"768\" height=\"1024\" src=\"https:\/\/www.grafikat.at\/blog\/wp-content\/uploads\/2019\/06\/20190611-IMG_7165-1-768x1024.jpg\" alt=\"\" data-id=\"2078\" data-link=\"https:\/\/www.grafikat.at\/blog\/?attachment_id=2078\" class=\"wp-image-2078\" srcset=\"https:\/\/www.grafikat.at\/blog\/wp-content\/uploads\/2019\/06\/20190611-IMG_7165-1-768x1024.jpg 768w, https:\/\/www.grafikat.at\/blog\/wp-content\/uploads\/2019\/06\/20190611-IMG_7165-1-225x300.jpg 225w, https:\/\/www.grafikat.at\/blog\/wp-content\/uploads\/2019\/06\/20190611-IMG_7165-1-1170x1560.jpg 1170w, https:\/\/www.grafikat.at\/blog\/wp-content\/uploads\/2019\/06\/20190611-IMG_7165-1.jpg 1500w\" sizes=\"(max-width: 768px) 100vw, 768px\" \/><\/figure><\/li><li class=\"blocks-gallery-item\"><figure><img decoding=\"async\" loading=\"lazy\" width=\"768\" height=\"1024\" src=\"https:\/\/www.grafikat.at\/blog\/wp-content\/uploads\/2019\/06\/20190611-IMG_7170-768x1024.jpg\" alt=\"\" data-id=\"2079\" data-link=\"https:\/\/www.grafikat.at\/blog\/?attachment_id=2079\" class=\"wp-image-2079\" srcset=\"https:\/\/www.grafikat.at\/blog\/wp-content\/uploads\/2019\/06\/20190611-IMG_7170-768x1024.jpg 768w, https:\/\/www.grafikat.at\/blog\/wp-content\/uploads\/2019\/06\/20190611-IMG_7170-225x300.jpg 225w, https:\/\/www.grafikat.at\/blog\/wp-content\/uploads\/2019\/06\/20190611-IMG_7170-1170x1560.jpg 1170w, https:\/\/www.grafikat.at\/blog\/wp-content\/uploads\/2019\/06\/20190611-IMG_7170.jpg 1500w\" sizes=\"(max-width: 768px) 100vw, 768px\" \/><\/figure><\/li><li class=\"blocks-gallery-item\"><figure><img decoding=\"async\" loading=\"lazy\" width=\"768\" height=\"1024\" src=\"https:\/\/www.grafikat.at\/blog\/wp-content\/uploads\/2019\/06\/20190611-IMG_7200-768x1024.jpg\" alt=\"\" data-id=\"2080\" data-link=\"https:\/\/www.grafikat.at\/blog\/?attachment_id=2080\" class=\"wp-image-2080\" srcset=\"https:\/\/www.grafikat.at\/blog\/wp-content\/uploads\/2019\/06\/20190611-IMG_7200-768x1024.jpg 768w, https:\/\/www.grafikat.at\/blog\/wp-content\/uploads\/2019\/06\/20190611-IMG_7200-225x300.jpg 225w, https:\/\/www.grafikat.at\/blog\/wp-content\/uploads\/2019\/06\/20190611-IMG_7200-1170x1560.jpg 1170w, https:\/\/www.grafikat.at\/blog\/wp-content\/uploads\/2019\/06\/20190611-IMG_7200.jpg 1500w\" sizes=\"(max-width: 768px) 100vw, 768px\" \/><\/figure><\/li><li class=\"blocks-gallery-item\"><figure><img decoding=\"async\" loading=\"lazy\" width=\"1024\" height=\"768\" src=\"https:\/\/www.grafikat.at\/blog\/wp-content\/uploads\/2019\/06\/20190611-IMG_7204-1024x768.jpg\" alt=\"\" data-id=\"2081\" data-link=\"https:\/\/www.grafikat.at\/blog\/?attachment_id=2081\" class=\"wp-image-2081\" srcset=\"https:\/\/www.grafikat.at\/blog\/wp-content\/uploads\/2019\/06\/20190611-IMG_7204-1024x768.jpg 1024w, https:\/\/www.grafikat.at\/blog\/wp-content\/uploads\/2019\/06\/20190611-IMG_7204-300x225.jpg 300w, https:\/\/www.grafikat.at\/blog\/wp-content\/uploads\/2019\/06\/20190611-IMG_7204-768x576.jpg 768w, https:\/\/www.grafikat.at\/blog\/wp-content\/uploads\/2019\/06\/20190611-IMG_7204-1170x878.jpg 1170w, https:\/\/www.grafikat.at\/blog\/wp-content\/uploads\/2019\/06\/20190611-IMG_7204.jpg 2000w\" sizes=\"(max-width: 1024px) 100vw, 1024px\" \/><\/figure><\/li><\/ul>\n\n\n\n<div style=\"height:100px\" aria-hidden=\"true\" class=\"wp-block-spacer\"><\/div>\n\n\n\n<h2 class=\"wp-block-heading\">Altstadt<\/h2>\n\n\n\n<ul class=\"wp-block-gallery columns-2 is-cropped wp-block-gallery-7 is-layout-flex\"><li class=\"blocks-gallery-item\"><figure><img decoding=\"async\" loading=\"lazy\" width=\"682\" height=\"1024\" src=\"https:\/\/www.grafikat.at\/blog\/wp-content\/uploads\/2019\/06\/20190611-IMG_2245-682x1024.jpg\" alt=\"\" data-id=\"2047\" data-link=\"https:\/\/www.grafikat.at\/blog\/20190611-img_2245\/\" class=\"wp-image-2047\" srcset=\"https:\/\/www.grafikat.at\/blog\/wp-content\/uploads\/2019\/06\/20190611-IMG_2245-682x1024.jpg 682w, https:\/\/www.grafikat.at\/blog\/wp-content\/uploads\/2019\/06\/20190611-IMG_2245-200x300.jpg 200w, https:\/\/www.grafikat.at\/blog\/wp-content\/uploads\/2019\/06\/20190611-IMG_2245-768x1152.jpg 768w, https:\/\/www.grafikat.at\/blog\/wp-content\/uploads\/2019\/06\/20190611-IMG_2245-1170x1755.jpg 1170w, https:\/\/www.grafikat.at\/blog\/wp-content\/uploads\/2019\/06\/20190611-IMG_2245.jpg 1333w\" sizes=\"(max-width: 682px) 100vw, 682px\" \/><figcaption>Astronomische Uhr<\/figcaption><\/figure><\/li><li class=\"blocks-gallery-item\"><figure><img decoding=\"async\" loading=\"lazy\" width=\"682\" height=\"1024\" src=\"https:\/\/www.grafikat.at\/blog\/wp-content\/uploads\/2019\/06\/20190611-IMG_2261-682x1024.jpg\" alt=\"\" data-id=\"2048\" data-link=\"https:\/\/www.grafikat.at\/blog\/20190611-img_2261\/\" class=\"wp-image-2048\" srcset=\"https:\/\/www.grafikat.at\/blog\/wp-content\/uploads\/2019\/06\/20190611-IMG_2261-682x1024.jpg 682w, https:\/\/www.grafikat.at\/blog\/wp-content\/uploads\/2019\/06\/20190611-IMG_2261-200x300.jpg 200w, https:\/\/www.grafikat.at\/blog\/wp-content\/uploads\/2019\/06\/20190611-IMG_2261-768x1152.jpg 768w, https:\/\/www.grafikat.at\/blog\/wp-content\/uploads\/2019\/06\/20190611-IMG_2261-1170x1755.jpg 1170w, https:\/\/www.grafikat.at\/blog\/wp-content\/uploads\/2019\/06\/20190611-IMG_2261.jpg 1333w\" sizes=\"(max-width: 682px) 100vw, 682px\" \/><figcaption>Teynkirche<\/figcaption><\/figure><\/li><\/ul>\n\n\n\n<ul class=\"wp-block-gallery columns-2 is-cropped wp-block-gallery-9 is-layout-flex\"><li class=\"blocks-gallery-item\"><figure><img decoding=\"async\" loading=\"lazy\" width=\"682\" height=\"1024\" src=\"https:\/\/www.grafikat.at\/blog\/wp-content\/uploads\/2019\/06\/20190609-IMG_1968-682x1024.jpg\" alt=\"\" data-id=\"2036\" data-link=\"https:\/\/www.grafikat.at\/blog\/20190609-img_1968\/\" class=\"wp-image-2036\" srcset=\"https:\/\/www.grafikat.at\/blog\/wp-content\/uploads\/2019\/06\/20190609-IMG_1968-682x1024.jpg 682w, https:\/\/www.grafikat.at\/blog\/wp-content\/uploads\/2019\/06\/20190609-IMG_1968-200x300.jpg 200w, https:\/\/www.grafikat.at\/blog\/wp-content\/uploads\/2019\/06\/20190609-IMG_1968-768x1152.jpg 768w, https:\/\/www.grafikat.at\/blog\/wp-content\/uploads\/2019\/06\/20190609-IMG_1968-1170x1755.jpg 1170w, https:\/\/www.grafikat.at\/blog\/wp-content\/uploads\/2019\/06\/20190609-IMG_1968.jpg 1333w\" sizes=\"(max-width: 682px) 100vw, 682px\" \/><figcaption><strong>Altst\u00e4dter Br\u00fcckenturm<\/strong> \/ Karlsbr\u00fccke<\/figcaption><\/figure><\/li><li class=\"blocks-gallery-item\"><figure><img decoding=\"async\" loading=\"lazy\" width=\"682\" height=\"1024\" src=\"https:\/\/www.grafikat.at\/blog\/wp-content\/uploads\/2019\/06\/20190611-IMG_2329-682x1024.jpg\" alt=\"\" data-id=\"2052\" data-link=\"https:\/\/www.grafikat.at\/blog\/20190611-img_2329\/\" class=\"wp-image-2052\" srcset=\"https:\/\/www.grafikat.at\/blog\/wp-content\/uploads\/2019\/06\/20190611-IMG_2329-682x1024.jpg 682w, https:\/\/www.grafikat.at\/blog\/wp-content\/uploads\/2019\/06\/20190611-IMG_2329-200x300.jpg 200w, https:\/\/www.grafikat.at\/blog\/wp-content\/uploads\/2019\/06\/20190611-IMG_2329-768x1152.jpg 768w, https:\/\/www.grafikat.at\/blog\/wp-content\/uploads\/2019\/06\/20190611-IMG_2329-1170x1755.jpg 1170w, https:\/\/www.grafikat.at\/blog\/wp-content\/uploads\/2019\/06\/20190611-IMG_2329.jpg 1333w\" sizes=\"(max-width: 682px) 100vw, 682px\" \/><figcaption>Blick auf Veitsdom<\/figcaption><\/figure><\/li><\/ul>\n\n\n\n<div style=\"height:100px\" aria-hidden=\"true\" class=\"wp-block-spacer\"><\/div>\n\n\n\n<h2 class=\"wp-block-heading\">Things to do<\/h2>\n\n\n\n<figure class=\"wp-block-image\"><img decoding=\"async\" loading=\"lazy\" width=\"1024\" height=\"682\" src=\"https:\/\/www.grafikat.at\/blog\/wp-content\/uploads\/2019\/06\/20190610-IMG_2176-1024x682.jpg\" alt=\"\" class=\"wp-image-2043\" srcset=\"https:\/\/www.grafikat.at\/blog\/wp-content\/uploads\/2019\/06\/20190610-IMG_2176-1024x682.jpg 1024w, https:\/\/www.grafikat.at\/blog\/wp-content\/uploads\/2019\/06\/20190610-IMG_2176-300x200.jpg 300w, https:\/\/www.grafikat.at\/blog\/wp-content\/uploads\/2019\/06\/20190610-IMG_2176-768x512.jpg 768w, https:\/\/www.grafikat.at\/blog\/wp-content\/uploads\/2019\/06\/20190610-IMG_2176-1170x780.jpg 1170w, https:\/\/www.grafikat.at\/blog\/wp-content\/uploads\/2019\/06\/20190610-IMG_2176.jpg 2000w\" sizes=\"(max-width: 1024px) 100vw, 1024px\" \/><\/figure>\n\n\n\n<ul><li>Tschechisches Bier trinken<\/li><li><strong>Restaurant-Tipp: <\/strong><a href=\"https:\/\/www.npivovar.cz\">New Town Brewery Restaurant<\/a>, Vodi\u010dkova 682\/20, 110 00 Nov\u00e9 M\u011bsto<br>Eigene Bierproduktion, ausgezeichnete typisch b\u00f6hmische K\u00fcche zu humanen Preisen<\/li><li>Baumstamm (Trdelnik) essen<br><strong>Tipp: <\/strong>nicht direkt bei der Karlsbr\u00fccke, denn dort sind sie \u00fcberteuert und sehr klein<\/li><li>Orte abseits der Tourismus-Hotspots erkunden <\/li><li>Eine Tour durchs j\u00fcdische Viertel buchen (kein unn\u00f6tiges Anstellen bei den Synagogen und beim Friedhof, die Eintrittsgelder sind meist schon in der Guidetour inkludiert<\/li><\/ul>\n\n\n\n<div style=\"height:100px\" aria-hidden=\"true\" class=\"wp-block-spacer\"><\/div>\n\n\n\n<p>Zusammenfassend waren es zweieinhalb wirklich sch\u00f6ne Tage in Prag. Wer  einen kurzen St\u00e4dtetrip f\u00fcr die kleine Geldb\u00f6rse sucht wird mit Prag f\u00fcndig. Das Essen und Trinken ist in Vergleich zu anderen europ\u00e4ischen Hauptst\u00e4dten echt g\u00fcnstig und das Bier sowieso \ud83d\ude09 <\/p>\n","protected":false},"excerpt":{"rendered":"<p>Nachdem ich mit einer guten Freundin im Herbst 2009 bei eisigen Wind und dementsprechenden Temperaturen erstmalig Prag erkundet habe, war es nun einmal an der Zeit die tschechische Hauptstadt zu einer warmen Jahreszeit zu besuchen&#8230;.<\/p>\n<div class=\"more\"><a class=\"more-link\" href=\"https:\/\/www.grafikat.at\/blog\/prag-die-stadt-der-hundert-tuerme\/\">Mehr lesen<\/a><\/div>","protected":false},"author":1,"featured_media":2067,"comment_status":"open","ping_status":"open","sticky":false,"template":"","format":"standard","meta":{"_lmt_disableupdate":"","_lmt_disable":"","_genesis_hide_title":false,"_genesis_hide_breadcrumbs":false,"_genesis_hide_singular_image":false,"_genesis_hide_footer_widgets":false,"_genesis_custom_body_class":"","_genesis_custom_post_class":"","_genesis_layout":""},"categories":[46,33],"tags":[61,24,62],"yoast_head":"<!-- This site is optimized with the Yoast SEO plugin v20.11 - https:\/\/yoast.com\/wordpress\/plugins\/seo\/ -->\n<title>Prag, die Stadt der hundert T\u00fcrme | Blog von grafikat \u2013\u00a0Grafikerin aus N\u00d6<\/title>\n<meta name=\"robots\" content=\"index, follow, max-snippet:-1, max-image-preview:large, max-video-preview:-1\" \/>\n<link rel=\"canonical\" href=\"https:\/\/www.grafikat.at\/blog\/prag-die-stadt-der-hundert-tuerme\/\" \/>\n<meta property=\"og:locale\" content=\"de_DE\" \/>\n<meta property=\"og:type\" content=\"article\" \/>\n<meta property=\"og:title\" content=\"Prag, die Stadt der hundert T\u00fcrme | Blog von grafikat \u2013\u00a0Grafikerin aus N\u00d6\" \/>\n<meta property=\"og:description\" content=\"Nachdem ich mit einer guten Freundin im Herbst 2009 bei eisigen Wind und dementsprechenden Temperaturen erstmalig Prag erkundet habe, war es nun einmal an der Zeit die tschechische Hauptstadt zu einer warmen Jahreszeit zu besuchen....\" \/>\n<meta property=\"og:url\" content=\"https:\/\/www.grafikat.at\/blog\/prag-die-stadt-der-hundert-tuerme\/\" \/>\n<meta property=\"og:site_name\" content=\"Blog von grafikat \u2013\u00a0Grafikerin aus N\u00d6\" \/>\n<meta property=\"article:publisher\" content=\"https:\/\/www.facebook.com\/grafikat.at\" \/>\n<meta property=\"article:published_time\" content=\"2019-06-13T14:14:44+00:00\" \/>\n<meta property=\"article:modified_time\" content=\"2019-07-03T12:45:19+00:00\" \/>\n<meta property=\"og:image\" content=\"https:\/\/www.grafikat.at\/blog\/wp-content\/uploads\/2019\/06\/20190609-IMG_1692-1.jpg\" \/>\n\t<meta property=\"og:image:width\" content=\"2000\" \/>\n\t<meta property=\"og:image:height\" content=\"1333\" \/>\n\t<meta property=\"og:image:type\" content=\"image\/jpeg\" \/>\n<meta name=\"author\" content=\"grafikat\" \/>\n<meta name=\"twitter:card\" content=\"summary_large_image\" \/>\n<meta name=\"twitter:label1\" content=\"Verfasst von\" \/>\n\t<meta name=\"twitter:data1\" content=\"grafikat\" \/>\n\t<meta name=\"twitter:label2\" content=\"Gesch\u00e4tzte Lesezeit\" \/>\n\t<meta name=\"twitter:data2\" content=\"3\u00a0Minuten\" \/>\n<script type=\"application\/ld+json\" class=\"yoast-schema-graph\">{\"@context\":\"https:\/\/schema.org\",\"@graph\":[{\"@type\":\"Article\",\"@id\":\"https:\/\/www.grafikat.at\/blog\/prag-die-stadt-der-hundert-tuerme\/#article\",\"isPartOf\":{\"@id\":\"https:\/\/www.grafikat.at\/blog\/prag-die-stadt-der-hundert-tuerme\/\"},\"author\":{\"name\":\"grafikat\",\"@id\":\"https:\/\/www.grafikat.at\/blog\/#\/schema\/person\/826ec557e14b8d17f0015c0de198775b\"},\"headline\":\"Prag, die Stadt der hundert T\u00fcrme\",\"datePublished\":\"2019-06-13T14:14:44+00:00\",\"dateModified\":\"2019-07-03T12:45:19+00:00\",\"mainEntityOfPage\":{\"@id\":\"https:\/\/www.grafikat.at\/blog\/prag-die-stadt-der-hundert-tuerme\/\"},\"wordCount\":603,\"commentCount\":0,\"publisher\":{\"@id\":\"https:\/\/www.grafikat.at\/blog\/#organization\"},\"keywords\":[\"Prag\",\"Sightseeing\",\"Tschechien\"],\"articleSection\":[\"Europa\",\"Travel\"],\"inLanguage\":\"de\",\"potentialAction\":[{\"@type\":\"CommentAction\",\"name\":\"Comment\",\"target\":[\"https:\/\/www.grafikat.at\/blog\/prag-die-stadt-der-hundert-tuerme\/#respond\"]}]},{\"@type\":\"WebPage\",\"@id\":\"https:\/\/www.grafikat.at\/blog\/prag-die-stadt-der-hundert-tuerme\/\",\"url\":\"https:\/\/www.grafikat.at\/blog\/prag-die-stadt-der-hundert-tuerme\/\",\"name\":\"Prag, die Stadt der hundert T\u00fcrme | Blog von grafikat \u2013\u00a0Grafikerin aus N\u00d6\",\"isPartOf\":{\"@id\":\"https:\/\/www.grafikat.at\/blog\/#website\"},\"datePublished\":\"2019-06-13T14:14:44+00:00\",\"dateModified\":\"2019-07-03T12:45:19+00:00\",\"breadcrumb\":{\"@id\":\"https:\/\/www.grafikat.at\/blog\/prag-die-stadt-der-hundert-tuerme\/#breadcrumb\"},\"inLanguage\":\"de\",\"potentialAction\":[{\"@type\":\"ReadAction\",\"target\":[\"https:\/\/www.grafikat.at\/blog\/prag-die-stadt-der-hundert-tuerme\/\"]}]},{\"@type\":\"BreadcrumbList\",\"@id\":\"https:\/\/www.grafikat.at\/blog\/prag-die-stadt-der-hundert-tuerme\/#breadcrumb\",\"itemListElement\":[{\"@type\":\"ListItem\",\"position\":1,\"name\":\"Startseite\",\"item\":\"https:\/\/www.grafikat.at\/blog\/\"},{\"@type\":\"ListItem\",\"position\":2,\"name\":\"Prag, die Stadt der hundert T\u00fcrme\"}]},{\"@type\":\"WebSite\",\"@id\":\"https:\/\/www.grafikat.at\/blog\/#website\",\"url\":\"https:\/\/www.grafikat.at\/blog\/\",\"name\":\"Blog von grafikat \u2013\u00a0Grafikerin aus N\u00d6\",\"description\":\"Fotografie und mehr\",\"publisher\":{\"@id\":\"https:\/\/www.grafikat.at\/blog\/#organization\"},\"potentialAction\":[{\"@type\":\"SearchAction\",\"target\":{\"@type\":\"EntryPoint\",\"urlTemplate\":\"https:\/\/www.grafikat.at\/blog\/?s={search_term_string}\"},\"query-input\":\"required name=search_term_string\"}],\"inLanguage\":\"de\"},{\"@type\":\"Organization\",\"@id\":\"https:\/\/www.grafikat.at\/blog\/#organization\",\"name\":\"grafikat \u2013\u00a0Katharina Spitzer\",\"url\":\"https:\/\/www.grafikat.at\/blog\/\",\"logo\":{\"@type\":\"ImageObject\",\"inLanguage\":\"de\",\"@id\":\"https:\/\/www.grafikat.at\/blog\/#\/schema\/logo\/image\/\",\"url\":\"https:\/\/www.grafikat.at\/blog\/wp-content\/uploads\/2018\/06\/logo_grafikat.svg\",\"contentUrl\":\"https:\/\/www.grafikat.at\/blog\/wp-content\/uploads\/2018\/06\/logo_grafikat.svg\",\"width\":1,\"height\":1,\"caption\":\"grafikat \u2013\u00a0Katharina Spitzer\"},\"image\":{\"@id\":\"https:\/\/www.grafikat.at\/blog\/#\/schema\/logo\/image\/\"},\"sameAs\":[\"https:\/\/www.facebook.com\/grafikat.at\",\"https:\/\/www.instagram.com\/miezekathi\"]},{\"@type\":\"Person\",\"@id\":\"https:\/\/www.grafikat.at\/blog\/#\/schema\/person\/826ec557e14b8d17f0015c0de198775b\",\"name\":\"grafikat\",\"image\":{\"@type\":\"ImageObject\",\"inLanguage\":\"de\",\"@id\":\"https:\/\/www.grafikat.at\/blog\/#\/schema\/person\/image\/\",\"url\":\"https:\/\/secure.gravatar.com\/avatar\/8586c9407799094852e1f8971ce15d25?s=96&d=mm&r=g\",\"contentUrl\":\"https:\/\/secure.gravatar.com\/avatar\/8586c9407799094852e1f8971ce15d25?s=96&d=mm&r=g\",\"caption\":\"grafikat\"},\"sameAs\":[\"https:\/\/www.grafikat.at\"]}]}<\/script>\n<!-- \/ Yoast SEO plugin. -->","yoast_head_json":{"title":"Prag, die Stadt der hundert T\u00fcrme | Blog von grafikat \u2013\u00a0Grafikerin aus N\u00d6","robots":{"index":"index","follow":"follow","max-snippet":"max-snippet:-1","max-image-preview":"max-image-preview:large","max-video-preview":"max-video-preview:-1"},"canonical":"https:\/\/www.grafikat.at\/blog\/prag-die-stadt-der-hundert-tuerme\/","og_locale":"de_DE","og_type":"article","og_title":"Prag, die Stadt der hundert T\u00fcrme | Blog von grafikat \u2013\u00a0Grafikerin aus N\u00d6","og_description":"Nachdem ich mit einer guten Freundin im Herbst 2009 bei eisigen Wind und dementsprechenden Temperaturen erstmalig Prag erkundet habe, war es nun einmal an der Zeit die tschechische Hauptstadt zu einer warmen Jahreszeit zu besuchen....","og_url":"https:\/\/www.grafikat.at\/blog\/prag-die-stadt-der-hundert-tuerme\/","og_site_name":"Blog von grafikat \u2013\u00a0Grafikerin aus N\u00d6","article_publisher":"https:\/\/www.facebook.com\/grafikat.at","article_published_time":"2019-06-13T14:14:44+00:00","article_modified_time":"2019-07-03T12:45:19+00:00","og_image":[{"width":2000,"height":1333,"url":"https:\/\/www.grafikat.at\/blog\/wp-content\/uploads\/2019\/06\/20190609-IMG_1692-1.jpg","type":"image\/jpeg"}],"author":"grafikat","twitter_card":"summary_large_image","twitter_misc":{"Verfasst von":"grafikat","Gesch\u00e4tzte Lesezeit":"3\u00a0Minuten"},"schema":{"@context":"https:\/\/schema.org","@graph":[{"@type":"Article","@id":"https:\/\/www.grafikat.at\/blog\/prag-die-stadt-der-hundert-tuerme\/#article","isPartOf":{"@id":"https:\/\/www.grafikat.at\/blog\/prag-die-stadt-der-hundert-tuerme\/"},"author":{"name":"grafikat","@id":"https:\/\/www.grafikat.at\/blog\/#\/schema\/person\/826ec557e14b8d17f0015c0de198775b"},"headline":"Prag, die Stadt der hundert T\u00fcrme","datePublished":"2019-06-13T14:14:44+00:00","dateModified":"2019-07-03T12:45:19+00:00","mainEntityOfPage":{"@id":"https:\/\/www.grafikat.at\/blog\/prag-die-stadt-der-hundert-tuerme\/"},"wordCount":603,"commentCount":0,"publisher":{"@id":"https:\/\/www.grafikat.at\/blog\/#organization"},"keywords":["Prag","Sightseeing","Tschechien"],"articleSection":["Europa","Travel"],"inLanguage":"de","potentialAction":[{"@type":"CommentAction","name":"Comment","target":["https:\/\/www.grafikat.at\/blog\/prag-die-stadt-der-hundert-tuerme\/#respond"]}]},{"@type":"WebPage","@id":"https:\/\/www.grafikat.at\/blog\/prag-die-stadt-der-hundert-tuerme\/","url":"https:\/\/www.grafikat.at\/blog\/prag-die-stadt-der-hundert-tuerme\/","name":"Prag, die Stadt der hundert T\u00fcrme | Blog von grafikat \u2013\u00a0Grafikerin aus N\u00d6","isPartOf":{"@id":"https:\/\/www.grafikat.at\/blog\/#website"},"datePublished":"2019-06-13T14:14:44+00:00","dateModified":"2019-07-03T12:45:19+00:00","breadcrumb":{"@id":"https:\/\/www.grafikat.at\/blog\/prag-die-stadt-der-hundert-tuerme\/#breadcrumb"},"inLanguage":"de","potentialAction":[{"@type":"ReadAction","target":["https:\/\/www.grafikat.at\/blog\/prag-die-stadt-der-hundert-tuerme\/"]}]},{"@type":"BreadcrumbList","@id":"https:\/\/www.grafikat.at\/blog\/prag-die-stadt-der-hundert-tuerme\/#breadcrumb","itemListElement":[{"@type":"ListItem","position":1,"name":"Startseite","item":"https:\/\/www.grafikat.at\/blog\/"},{"@type":"ListItem","position":2,"name":"Prag, die Stadt der hundert T\u00fcrme"}]},{"@type":"WebSite","@id":"https:\/\/www.grafikat.at\/blog\/#website","url":"https:\/\/www.grafikat.at\/blog\/","name":"Blog von grafikat \u2013\u00a0Grafikerin aus N\u00d6","description":"Fotografie und mehr","publisher":{"@id":"https:\/\/www.grafikat.at\/blog\/#organization"},"potentialAction":[{"@type":"SearchAction","target":{"@type":"EntryPoint","urlTemplate":"https:\/\/www.grafikat.at\/blog\/?s={search_term_string}"},"query-input":"required name=search_term_string"}],"inLanguage":"de"},{"@type":"Organization","@id":"https:\/\/www.grafikat.at\/blog\/#organization","name":"grafikat \u2013\u00a0Katharina Spitzer","url":"https:\/\/www.grafikat.at\/blog\/","logo":{"@type":"ImageObject","inLanguage":"de","@id":"https:\/\/www.grafikat.at\/blog\/#\/schema\/logo\/image\/","url":"https:\/\/www.grafikat.at\/blog\/wp-content\/uploads\/2018\/06\/logo_grafikat.svg","contentUrl":"https:\/\/www.grafikat.at\/blog\/wp-content\/uploads\/2018\/06\/logo_grafikat.svg","width":1,"height":1,"caption":"grafikat \u2013\u00a0Katharina Spitzer"},"image":{"@id":"https:\/\/www.grafikat.at\/blog\/#\/schema\/logo\/image\/"},"sameAs":["https:\/\/www.facebook.com\/grafikat.at","https:\/\/www.instagram.com\/miezekathi"]},{"@type":"Person","@id":"https:\/\/www.grafikat.at\/blog\/#\/schema\/person\/826ec557e14b8d17f0015c0de198775b","name":"grafikat","image":{"@type":"ImageObject","inLanguage":"de","@id":"https:\/\/www.grafikat.at\/blog\/#\/schema\/person\/image\/","url":"https:\/\/secure.gravatar.com\/avatar\/8586c9407799094852e1f8971ce15d25?s=96&d=mm&r=g","contentUrl":"https:\/\/secure.gravatar.com\/avatar\/8586c9407799094852e1f8971ce15d25?s=96&d=mm&r=g","caption":"grafikat"},"sameAs":["https:\/\/www.grafikat.at"]}]}},"modified_by":null,"_links":{"self":[{"href":"https:\/\/www.grafikat.at\/blog\/wp-json\/wp\/v2\/posts\/2006"}],"collection":[{"href":"https:\/\/www.grafikat.at\/blog\/wp-json\/wp\/v2\/posts"}],"about":[{"href":"https:\/\/www.grafikat.at\/blog\/wp-json\/wp\/v2\/types\/post"}],"author":[{"embeddable":true,"href":"https:\/\/www.grafikat.at\/blog\/wp-json\/wp\/v2\/users\/1"}],"replies":[{"embeddable":true,"href":"https:\/\/www.grafikat.at\/blog\/wp-json\/wp\/v2\/comments?post=2006"}],"version-history":[{"count":30,"href":"https:\/\/www.grafikat.at\/blog\/wp-json\/wp\/v2\/posts\/2006\/revisions"}],"predecessor-version":[{"id":2087,"href":"https:\/\/www.grafikat.at\/blog\/wp-json\/wp\/v2\/posts\/2006\/revisions\/2087"}],"wp:featuredmedia":[{"embeddable":true,"href":"https:\/\/www.grafikat.at\/blog\/wp-json\/wp\/v2\/media\/2067"}],"wp:attachment":[{"href":"https:\/\/www.grafikat.at\/blog\/wp-json\/wp\/v2\/media?parent=2006"}],"wp:term":[{"taxonomy":"category","embeddable":true,"href":"https:\/\/www.grafikat.at\/blog\/wp-json\/wp\/v2\/categories?post=2006"},{"taxonomy":"post_tag","embeddable":true,"href":"https:\/\/www.grafikat.at\/blog\/wp-json\/wp\/v2\/tags?post=2006"}],"curies":[{"name":"wp","href":"https:\/\/api.w.org\/{rel}","templated":true}]}}